{"id":29,"date":"2016-05-11T09:01:14","date_gmt":"2016-05-11T07:01:14","guid":{"rendered":"http:\/\/abcd.abuledu.org\/la-reine-des-oiseaux\/?p=29"},"modified":"2016-05-13T19:32:05","modified_gmt":"2016-05-13T17:32:05","slug":"une-fable-de-djataka-sur-les-oiseaux","status":"publish","type":"post","link":"http:\/\/abcd.abuledu.org\/la-reine-des-oiseaux\/2016\/05\/11\/une-fable-de-djataka-sur-les-oiseaux\/","title":{"rendered":"Une fable de Djataka sur les oiseaux"},"content":{"rendered":"<p><span style=\"color: #000080\"><strong><a href=\"https:\/\/fr.wikiversity.org\/wiki\/Contes_de_Jataka\">Les fables ou contes de Djataka<\/a> ont inspir\u00e9 de nombreuses fables occidentales, dans lesquelles se retrouvent les m\u00eames th\u00e8mes et incidents, avec d&rsquo;innombrables variantes ; seraient-ils universels ?<\/strong><\/span><\/p>\n<figure id=\"attachment_51\" aria-describedby=\"caption-attachment-51\" style=\"width: 840px\" class=\"wp-caption aligncenter\"><img loading=\"lazy\" class=\"wp-image-51 size-large\" src=\"http:\/\/abcd.abuledu.org\/la-reine-des-oiseaux\/wp-content\/uploads\/sites\/10\/2016\/05\/djataka-1024x553.png\" alt=\"Douze contes de Djataka.\" width=\"840\" height=\"454\" srcset=\"http:\/\/abcd.abuledu.org\/la-reine-des-oiseaux\/wp-content\/uploads\/sites\/10\/2016\/05\/djataka-1024x553.png 1024w, http:\/\/abcd.abuledu.org\/la-reine-des-oiseaux\/wp-content\/uploads\/sites\/10\/2016\/05\/djataka-300x162.png 300w, http:\/\/abcd.abuledu.org\/la-reine-des-oiseaux\/wp-content\/uploads\/sites\/10\/2016\/05\/djataka-768x415.png 768w, http:\/\/abcd.abuledu.org\/la-reine-des-oiseaux\/wp-content\/uploads\/sites\/10\/2016\/05\/djataka-1200x648.png 1200w, http:\/\/abcd.abuledu.org\/la-reine-des-oiseaux\/wp-content\/uploads\/sites\/10\/2016\/05\/djataka.png 1266w\" sizes=\"(max-width: 709px) 85vw, (max-width: 909px) 67vw, (max-width: 1362px) 62vw, 840px\" \/><figcaption id=\"caption-attachment-51\" class=\"wp-caption-text\">Douze contes de Djataka.<\/figcaption><\/figure>\n<p><strong><span style=\"color: #000080\">En juin 2013, pour illustrer son premier conte, Yvain Coudert (RyX\u00e9o) a r\u00e9ussi \u00e0 capter et restituer ce monde, \u00e0 mi-chemin entre philosophie et po\u00e9sie, et toujours une pointe d&rsquo;humour. Merci \u00e0 lui.<\/span><\/strong><img loading=\"lazy\" class=\"wp-image-33 size-large\" src=\"http:\/\/abcd.abuledu.org\/la-reine-des-oiseaux\/wp-content\/uploads\/sites\/10\/2016\/05\/l-arbre-aux-huit-oiseaux-5629da18-1024x1024.jpg\" alt=\"http:\/\/data.abuledu.org\/URI\/5629da18\" width=\"840\" height=\"840\" srcset=\"http:\/\/abcd.abuledu.org\/la-reine-des-oiseaux\/wp-content\/uploads\/sites\/10\/2016\/05\/l-arbre-aux-huit-oiseaux-5629da18-1024x1024.jpg 1024w, http:\/\/abcd.abuledu.org\/la-reine-des-oiseaux\/wp-content\/uploads\/sites\/10\/2016\/05\/l-arbre-aux-huit-oiseaux-5629da18-150x150.jpg 150w, http:\/\/abcd.abuledu.org\/la-reine-des-oiseaux\/wp-content\/uploads\/sites\/10\/2016\/05\/l-arbre-aux-huit-oiseaux-5629da18-300x300.jpg 300w, http:\/\/abcd.abuledu.org\/la-reine-des-oiseaux\/wp-content\/uploads\/sites\/10\/2016\/05\/l-arbre-aux-huit-oiseaux-5629da18-768x768.jpg 768w, http:\/\/abcd.abuledu.org\/la-reine-des-oiseaux\/wp-content\/uploads\/sites\/10\/2016\/05\/l-arbre-aux-huit-oiseaux-5629da18-1200x1200.jpg 1200w\" sizes=\"(max-width: 709px) 85vw, (max-width: 909px) 67vw, (max-width: 1362px) 62vw, 840px\" \/><\/p>\n<p>http:\/\/data.abuledu.org\/URI\/5629da18<\/p>\n<p>&nbsp;<\/p>\n<p>&nbsp;<\/p>\n<p>&nbsp;<\/p>\n","protected":false},"excerpt":{"rendered":"<p>Les fables ou contes de Djataka ont inspir\u00e9 de nombreuses fables occidentales, dans lesquelles se retrouvent les m\u00eames th\u00e8mes et incidents, avec d&rsquo;innombrables variantes ; seraient-ils universels ? En juin 2013, pour illustrer son premier conte, Yvain Coudert (RyX\u00e9o) a r\u00e9ussi \u00e0 capter et restituer ce monde, \u00e0 mi-chemin entre philosophie et po\u00e9sie, et toujours &hellip; <a href=\"http:\/\/abcd.abuledu.org\/la-reine-des-oiseaux\/2016\/05\/11\/une-fable-de-djataka-sur-les-oiseaux\/\" class=\"more-link\">Continuer la lecture<span class=\"screen-reader-text\"> de &laquo;&nbsp;Une fable de Djataka sur les oiseaux&nbsp;&raquo;<\/span><\/a><\/p>\n","protected":false},"author":9,"featured_media":0,"comment_status":"open","ping_status":"open","sticky":false,"template":"","format":"standard","meta":[],"categories":[1],"tags":[],"_links":{"self":[{"href":"http:\/\/abcd.abuledu.org\/la-reine-des-oiseaux\/wp-json\/wp\/v2\/posts\/29"}],"collection":[{"href":"http:\/\/abcd.abuledu.org\/la-reine-des-oiseaux\/wp-json\/wp\/v2\/posts"}],"about":[{"href":"http:\/\/abcd.abuledu.org\/la-reine-des-oiseaux\/wp-json\/wp\/v2\/types\/post"}],"author":[{"embeddable":true,"href":"http:\/\/abcd.abuledu.org\/la-reine-des-oiseaux\/wp-json\/wp\/v2\/users\/9"}],"replies":[{"embeddable":true,"href":"http:\/\/abcd.abuledu.org\/la-reine-des-oiseaux\/wp-json\/wp\/v2\/comments?post=29"}],"version-history":[{"count":6,"href":"http:\/\/abcd.abuledu.org\/la-reine-des-oiseaux\/wp-json\/wp\/v2\/posts\/29\/revisions"}],"predecessor-version":[{"id":52,"href":"http:\/\/abcd.abuledu.org\/la-reine-des-oiseaux\/wp-json\/wp\/v2\/posts\/29\/revisions\/52"}],"wp:attachment":[{"href":"http:\/\/abcd.abuledu.org\/la-reine-des-oiseaux\/wp-json\/wp\/v2\/media?parent=29"}],"wp:term":[{"taxonomy":"category","embeddable":true,"href":"http:\/\/abcd.abuledu.org\/la-reine-des-oiseaux\/wp-json\/wp\/v2\/categories?post=29"},{"taxonomy":"post_tag","embeddable":true,"href":"http:\/\/abcd.abuledu.org\/la-reine-des-oiseaux\/wp-json\/wp\/v2\/tags?post=29"}],"curies":[{"name":"wp","href":"https:\/\/api.w.org\/{rel}","templated":true}]}}