{"id":1,"date":"2016-09-26T14:34:22","date_gmt":"2016-09-26T12:34:22","guid":{"rendered":"http:\/\/abcd.abuledu.org\/les-histoires-de-luna\/?p=1"},"modified":"2017-03-08T18:03:44","modified_gmt":"2017-03-08T17:03:44","slug":"bonjour-tout-le-monde","status":"publish","type":"post","link":"http:\/\/abcd.abuledu.org\/les-histoires-de-luna\/bonjour-tout-le-monde\/","title":{"rendered":"Bonjour tout le monde&nbsp;!"},"content":{"rendered":"<p>Luna est la petite derni\u00e8re des personnages cr\u00e9\u00e9s par Arnaud P\u00e9rat dans le cadre de son activit\u00e9 \u00e0 RyX\u00e9o ; c&rsquo;est la copine de Kino et <a href=\"http:\/\/abcd.abuledu.org\/six-histoires-de-chloe\/\">Chlo\u00e9<\/a>. Avant d&rsquo;entrer dans la cour des grands, elle va nous faire d\u00e9couvrir les joies de la maternelle&#8230;<\/p>\n<p><img loading=\"lazy\" class=\"aligncenter size-large wp-image-39\" src=\"http:\/\/abcd.abuledu.org\/les-histoires-de-luna\/wp-content\/uploads\/sites\/14\/2016\/09\/luna-kino-chloe-491x1024.png\" alt=\"\" width=\"491\" height=\"1024\" srcset=\"http:\/\/abcd.abuledu.org\/les-histoires-de-luna\/wp-content\/uploads\/sites\/14\/2016\/09\/luna-kino-chloe-491x1024.png 491w, http:\/\/abcd.abuledu.org\/les-histoires-de-luna\/wp-content\/uploads\/sites\/14\/2016\/09\/luna-kino-chloe-144x300.png 144w, http:\/\/abcd.abuledu.org\/les-histoires-de-luna\/wp-content\/uploads\/sites\/14\/2016\/09\/luna-kino-chloe-768x1601.png 768w, http:\/\/abcd.abuledu.org\/les-histoires-de-luna\/wp-content\/uploads\/sites\/14\/2016\/09\/luna-kino-chloe.png 904w\" sizes=\"(max-width: 491px) 85vw, 491px\" \/><\/p>\n<p>&nbsp;<\/p>\n","protected":false},"excerpt":{"rendered":"<p>Luna est la petite derni\u00e8re des personnages cr\u00e9\u00e9s par Arnaud P\u00e9rat dans le cadre de son activit\u00e9 \u00e0 RyX\u00e9o ; c&rsquo;est la copine de Kino et Chlo\u00e9. Avant d&rsquo;entrer dans la cour des grands, elle va nous faire d\u00e9couvrir les joies de la maternelle&#8230; &nbsp;<\/p>\n","protected":false},"author":9,"featured_media":0,"comment_status":"open","ping_status":"open","sticky":false,"template":"","format":"standard","meta":[],"categories":[1],"tags":[],"_links":{"self":[{"href":"http:\/\/abcd.abuledu.org\/les-histoires-de-luna\/wp-json\/wp\/v2\/posts\/1"}],"collection":[{"href":"http:\/\/abcd.abuledu.org\/les-histoires-de-luna\/wp-json\/wp\/v2\/posts"}],"about":[{"href":"http:\/\/abcd.abuledu.org\/les-histoires-de-luna\/wp-json\/wp\/v2\/types\/post"}],"author":[{"embeddable":true,"href":"http:\/\/abcd.abuledu.org\/les-histoires-de-luna\/wp-json\/wp\/v2\/users\/9"}],"replies":[{"embeddable":true,"href":"http:\/\/abcd.abuledu.org\/les-histoires-de-luna\/wp-json\/wp\/v2\/comments?post=1"}],"version-history":[{"count":3,"href":"http:\/\/abcd.abuledu.org\/les-histoires-de-luna\/wp-json\/wp\/v2\/posts\/1\/revisions"}],"predecessor-version":[{"id":67,"href":"http:\/\/abcd.abuledu.org\/les-histoires-de-luna\/wp-json\/wp\/v2\/posts\/1\/revisions\/67"}],"wp:attachment":[{"href":"http:\/\/abcd.abuledu.org\/les-histoires-de-luna\/wp-json\/wp\/v2\/media?parent=1"}],"wp:term":[{"taxonomy":"category","embeddable":true,"href":"http:\/\/abcd.abuledu.org\/les-histoires-de-luna\/wp-json\/wp\/v2\/categories?post=1"},{"taxonomy":"post_tag","embeddable":true,"href":"http:\/\/abcd.abuledu.org\/les-histoires-de-luna\/wp-json\/wp\/v2\/tags?post=1"}],"curies":[{"name":"wp","href":"https:\/\/api.w.org\/{rel}","templated":true}]}}