{"id":478,"date":"2015-05-13T20:40:15","date_gmt":"2015-05-13T19:40:15","guid":{"rendered":"http:\/\/abcd.abuledu.org\/six-minutes-pour-la-mer-rouge\/?p=478"},"modified":"2016-01-22T14:29:57","modified_gmt":"2016-01-22T13:29:57","slug":"zz-les-syngnathes","status":"publish","type":"post","link":"https:\/\/abcd.abuledu.org\/six-minutes-pour-la-mer-rouge\/zz-les-syngnathes\/","title":{"rendered":"zz -Les syngnathes"},"content":{"rendered":"<h2>G\u00e9n\u00e9ralit\u00e9s<\/h2>\n<p>Les <span style=\"font-size: large;\">syngnathe<\/span>s forment une famille assez vaste et<\/p>\n<h2>Classification<\/h2>\n<p><strong>R\u00e8gne :<\/strong> Animal<\/p>\n<p style=\"padding-left: 30px;\"><strong>Embranchement :<\/strong> Chord\u00e9s (tube nerveux et chorde dorsaux, tube digestif ventral)<\/p>\n<p style=\"padding-left: 60px; text-align: left;\"><strong>Sous embranchement :<\/strong> Vert\u00e9br\u00e9s (une colonne vert\u00e9brale et un cr\u00e2ne)<\/p>\n<p style=\"padding-left: 90px; text-align: left;\"><strong>Super classe :<\/strong> Ost\u00e9ichthyens (squelette osseux \u2260 cartilagineux (raies, requins))<\/p>\n<p style=\"padding-left: 120px; text-align: left;\"><strong>Classe :<\/strong> Actynopt\u00e9rigiens\u00a0 (nageoires rayonn\u00e9es, pr\u00e9sence d&rsquo;\u00e9pines)<\/p>\n<p style=\"padding-left: 150px; text-align: left;\"><strong>Ordre :<\/strong> Gasterosteiformes<\/p>\n<p style=\"padding-left: 180px; text-align: left;\"><strong>Famille :<\/strong> Syngnathidae (Hippocampes)<\/p>\n<h2><span id=\"Description\" class=\"mw-headline\">Description<\/span><\/h2>\n<p>&nbsp;<\/p>\n<h2><span id=\"Reproduction\" class=\"mw-headline\">Reproduction<\/span><\/h2>\n<p>&nbsp;<\/p>\n<h2><span id=\"Fossiles\" class=\"mw-headline\">Fossiles<\/span><\/h2>\n<p><span class=\"need_ref\" title=\"Une source est souhait\u00e9e pour ce passage.\">\u00a0<\/span><\/p>\n<h2><span id=\"P.C3.AAche\" class=\"mw-headline\">P\u00eache<\/span><\/h2>\n<p>&nbsp;<\/p>\n<p>&nbsp;<\/p>\n<p>Source:<\/p>\n<h2>Photos<\/h2>\n<div style=\"clear: both\"><\/div>\n<h2>Vid\u00e9os<\/h2>\n<div style=\"clear: both\"><\/div>\n<div id=\"masonrycontainer\">\n<style type='text\/css'>#gallery-video {    margin: auto;}#gallery-video .gallery-item {float: left;margin-top: 10px;text-align: center;width: 40%;}#gallery-video img {border: 2px solid #cfcfcf;}#gallery-video .gallery-caption {margin-left: 0;}<\/style>\n<div id='gallery-video' class='gallery gallery-columns-2 gallery-size-thumbnail'>\n    <br style='clear: both' \/>\n  <\/div>\n<\/div>\n","protected":false},"excerpt":{"rendered":"<p>G\u00e9n\u00e9ralit\u00e9s Les syngnathes forment une famille assez vaste et Classification R\u00e8gne : Animal Embranchement : Chord\u00e9s (tube nerveux et chorde dorsaux, tube digestif ventral) Sous embranchement : Vert\u00e9br\u00e9s (une colonne vert\u00e9brale et un cr\u00e2ne) Super classe : Ost\u00e9ichthyens (squelette osseux \u2260 cartilagineux (raies, requins)) Classe : Actynopt\u00e9rigiens\u00a0 (nageoires rayonn\u00e9es, pr\u00e9sence d&rsquo;\u00e9pines) Ordre : Gasterosteiformes Famille [&hellip;]<\/p>\n","protected":false},"author":6,"featured_media":0,"comment_status":"closed","ping_status":"closed","sticky":false,"template":"","format":"standard","meta":[],"categories":[5],"tags":[],"_links":{"self":[{"href":"https:\/\/abcd.abuledu.org\/six-minutes-pour-la-mer-rouge\/wp-json\/wp\/v2\/posts\/478"}],"collection":[{"href":"https:\/\/abcd.abuledu.org\/six-minutes-pour-la-mer-rouge\/wp-json\/wp\/v2\/posts"}],"about":[{"href":"https:\/\/abcd.abuledu.org\/six-minutes-pour-la-mer-rouge\/wp-json\/wp\/v2\/types\/post"}],"author":[{"embeddable":true,"href":"https:\/\/abcd.abuledu.org\/six-minutes-pour-la-mer-rouge\/wp-json\/wp\/v2\/users\/6"}],"replies":[{"embeddable":true,"href":"https:\/\/abcd.abuledu.org\/six-minutes-pour-la-mer-rouge\/wp-json\/wp\/v2\/comments?post=478"}],"version-history":[{"count":10,"href":"https:\/\/abcd.abuledu.org\/six-minutes-pour-la-mer-rouge\/wp-json\/wp\/v2\/posts\/478\/revisions"}],"predecessor-version":[{"id":603,"href":"https:\/\/abcd.abuledu.org\/six-minutes-pour-la-mer-rouge\/wp-json\/wp\/v2\/posts\/478\/revisions\/603"}],"wp:attachment":[{"href":"https:\/\/abcd.abuledu.org\/six-minutes-pour-la-mer-rouge\/wp-json\/wp\/v2\/media?parent=478"}],"wp:term":[{"taxonomy":"category","embeddable":true,"href":"https:\/\/abcd.abuledu.org\/six-minutes-pour-la-mer-rouge\/wp-json\/wp\/v2\/categories?post=478"},{"taxonomy":"post_tag","embeddable":true,"href":"https:\/\/abcd.abuledu.org\/six-minutes-pour-la-mer-rouge\/wp-json\/wp\/v2\/tags?post=478"}],"curies":[{"name":"wp","href":"https:\/\/api.w.org\/{rel}","templated":true}]}}